{"@context":"https:\/\/schema.org\/","@type":"CollectionPage","@id":"http:\/\/dulichchauau.top\/tag\/10-toa-nha-dep-tuyet-voi-o-brussels\/#CollectionPage","headline":"10 t\u00f2a nh\u00e0 \u0111\u1eb9p tuy\u1ec7t v\u1eddi \u1edf Brussels Tag","description":"","url":"http:\/\/dulichchauau.top\/tag\/10-toa-nha-dep-tuyet-voi-o-brussels\/","hasPart":[{"@type":"BlogPosting","@id":"http:\/\/dulichchauau.top\/10-toa-nha-dep-tuyet-voi-o-brussels\/","headline":"10 t\u00f2a nh\u00e0 \u0111\u1eb9p tuy\u1ec7t v\u1eddi \u1edf Brussels","url":"http:\/\/dulichchauau.top\/10-toa-nha-dep-tuyet-voi-o-brussels\/","datePublished":"2020-11-02","dateModified":"2020-11-02","mainEntityOfPage":"http:\/\/dulichchauau.top\/10-toa-nha-dep-tuyet-voi-o-brussels\/","author":{"@type":"Person","@id":"http:\/\/dulichchauau.top\/author\/admin\/#Person","name":"admin","url":"http:\/\/dulichchauau.top\/author\/admin\/","image":{"@type":"ImageObject","@id":"http:\/\/0.gravatar.com\/avatar\/64e1b8d34f425d19e1ee2ea7236d3028?s=96&d=mm&r=g","url":"http:\/\/0.gravatar.com\/avatar\/64e1b8d34f425d19e1ee2ea7236d3028?s=96&d=mm&r=g","height":96,"width":96}},"publisher":{"@type":"Organization","name":"TADY TRAVEL","logo":{"@type":"ImageObject","@id":"http:\/\/dulichchauau.top\/wp-content\/uploads\/2021\/08\/logo-chuan.png","url":"http:\/\/dulichchauau.top\/wp-content\/uploads\/2021\/08\/logo-chuan.png","width":624,"height":393}},"image":{"@type":"ImageObject","@id":"http:\/\/dulichchauau.top\/wp-content\/uploads\/2020\/11\/10-toa-nha-tuyet-voi-o-Brussels1.jpg","url":"http:\/\/dulichchauau.top\/wp-content\/uploads\/2020\/11\/10-toa-nha-tuyet-voi-o-Brussels1.jpg","height":400,"width":600},"keywords":["10 t\u00f2a nh\u00e0 \u0111\u1eb9p tuy\u1ec7t v\u1eddi \u1edf Brussels"]}]}